{"id":2319,"date":"2022-03-21T09:05:09","date_gmt":"2022-03-21T07:05:09","guid":{"rendered":"https:\/\/radefeldersv.de\/?p=2319"},"modified":"2022-03-21T09:05:12","modified_gmt":"2022-03-21T07:05:12","slug":"radefelder-feriencamp-2022","status":"publish","type":"post","link":"https:\/\/radefeldersv.de\/?p=2319","title":{"rendered":"Radefelder Feriencamp 2022"},"content":{"rendered":"\n<p class=\"has-text-align-center has-medium-font-size wp-block-paragraph\">Wir starten wieder durch und er\u00f6ffnen ab sofort die Anmeldung f\u00fcrs Radefelder Feriencamp 2022<\/p>\n\n\n\n<p class=\"has-text-align-center has-medium-font-size wp-block-paragraph\">Euer Kind spielt gerne Fu\u00dfball und hat in den Ferien eine Woche Zeit &#8211; dann meldet euer Kind f\u00fcr das ultimative schwarz-gelbe Ferienerlebnis an.<\/p>\n\n\n\n<div style=\"height:35px\" aria-hidden=\"true\" class=\"wp-block-spacer\"><\/div>\n\n\n\n<p class=\"has-text-align-center has-medium-font-size wp-block-paragraph\">Einfach kurze Mail an &#8222;<strong>rsv-feriencamp@gmx.de<\/strong>&#8220; und los gehts.<\/p>\n\n\n\n<div style=\"height:35px\" aria-hidden=\"true\" class=\"wp-block-spacer\"><\/div>\n\n\n\n<p class=\"has-text-align-center has-medium-font-size wp-block-paragraph\"><strong>Die Details&#8230;<\/strong><\/p>\n\n\n\n<div style=\"height:35px\" aria-hidden=\"true\" class=\"wp-block-spacer\"><\/div>\n\n\n\n<p class=\"has-text-align-center has-medium-font-size wp-block-paragraph\"><strong>Camp No. One<\/strong><\/p>\n\n\n<div class=\"wp-block-image\">\n<figure class=\"aligncenter size-large\"><img fetchpriority=\"high\" decoding=\"async\" width=\"724\" height=\"1024\" src=\"https:\/\/radefeldersv.de\/wp-content\/uploads\/2022\/03\/Details-bis-11-Jahre-724x1024.jpg\" alt=\"\" class=\"wp-image-2322\" srcset=\"https:\/\/radefeldersv.de\/wp-content\/uploads\/2022\/03\/Details-bis-11-Jahre-724x1024.jpg 724w, https:\/\/radefeldersv.de\/wp-content\/uploads\/2022\/03\/Details-bis-11-Jahre-212x300.jpg 212w, https:\/\/radefeldersv.de\/wp-content\/uploads\/2022\/03\/Details-bis-11-Jahre-768x1087.jpg 768w, https:\/\/radefeldersv.de\/wp-content\/uploads\/2022\/03\/Details-bis-11-Jahre-1085x1536.jpg 1085w, https:\/\/radefeldersv.de\/wp-content\/uploads\/2022\/03\/Details-bis-11-Jahre-1140x1613.jpg 1140w, https:\/\/radefeldersv.de\/wp-content\/uploads\/2022\/03\/Details-bis-11-Jahre.jpg 1190w\" sizes=\"(max-width: 724px) 100vw, 724px\" \/><\/figure>\n<\/div>\n\n\n<div style=\"height:35px\" aria-hidden=\"true\" class=\"wp-block-spacer\"><\/div>\n\n\n\n<p class=\"has-text-align-center has-medium-font-size wp-block-paragraph\"><strong>Camp No. Two<\/strong><\/p>\n\n\n<div class=\"wp-block-image\">\n<figure class=\"aligncenter size-large\"><img decoding=\"async\" width=\"724\" height=\"1024\" src=\"https:\/\/radefeldersv.de\/wp-content\/uploads\/2022\/03\/Details-ab-12-Jahre-724x1024.jpg\" alt=\"\" class=\"wp-image-2323\" srcset=\"https:\/\/radefeldersv.de\/wp-content\/uploads\/2022\/03\/Details-ab-12-Jahre-724x1024.jpg 724w, https:\/\/radefeldersv.de\/wp-content\/uploads\/2022\/03\/Details-ab-12-Jahre-212x300.jpg 212w, https:\/\/radefeldersv.de\/wp-content\/uploads\/2022\/03\/Details-ab-12-Jahre-768x1087.jpg 768w, https:\/\/radefeldersv.de\/wp-content\/uploads\/2022\/03\/Details-ab-12-Jahre-1085x1536.jpg 1085w, https:\/\/radefeldersv.de\/wp-content\/uploads\/2022\/03\/Details-ab-12-Jahre-1140x1613.jpg 1140w, https:\/\/radefeldersv.de\/wp-content\/uploads\/2022\/03\/Details-ab-12-Jahre.jpg 1190w\" sizes=\"(max-width: 724px) 100vw, 724px\" \/><\/figure>\n<\/div>\n\n\n<div style=\"height:35px\" aria-hidden=\"true\" class=\"wp-block-spacer\"><\/div>\n\n\n\n<p class=\"has-text-align-center has-medium-font-size wp-block-paragraph\">Lasst die Anmeldungen starten<\/p>\n\n\n\n<p class=\"has-text-align-center has-medium-font-size wp-block-paragraph\"><strong>Euer RSV-Team<\/strong><\/p>\n<div class=\"pvc_clear\"><\/div><p id=\"pvc_stats_2319\" class=\"pvc_stats all  \" data-element-id=\"2319\" style=\"\"><i class=\"pvc-stats-icon small\" aria-hidden=\"true\"><svg aria-hidden=\"true\" focusable=\"false\" data-prefix=\"far\" data-icon=\"chart-bar\" role=\"img\" xmlns=\"http:\/\/www.w3.org\/2000\/svg\" viewBox=\"0 0 512 512\" class=\"svg-inline--fa fa-chart-bar fa-w-16 fa-2x\"><path fill=\"currentColor\" d=\"M396.8 352h22.4c6.4 0 12.8-6.4 12.8-12.8V108.8c0-6.4-6.4-12.8-12.8-12.8h-22.4c-6.4 0-12.8 6.4-12.8 12.8v230.4c0 6.4 6.4 12.8 12.8 12.8zm-192 0h22.4c6.4 0 12.8-6.4 12.8-12.8V140.8c0-6.4-6.4-12.8-12.8-12.8h-22.4c-6.4 0-12.8 6.4-12.8 12.8v198.4c0 6.4 6.4 12.8 12.8 12.8zm96 0h22.4c6.4 0 12.8-6.4 12.8-12.8V204.8c0-6.4-6.4-12.8-12.8-12.8h-22.4c-6.4 0-12.8 6.4-12.8 12.8v134.4c0 6.4 6.4 12.8 12.8 12.8zM496 400H48V80c0-8.84-7.16-16-16-16H16C7.16 64 0 71.16 0 80v336c0 17.67 14.33 32 32 32h464c8.84 0 16-7.16 16-16v-16c0-8.84-7.16-16-16-16zm-387.2-48h22.4c6.4 0 12.8-6.4 12.8-12.8v-70.4c0-6.4-6.4-12.8-12.8-12.8h-22.4c-6.4 0-12.8 6.4-12.8 12.8v70.4c0 6.4 6.4 12.8 12.8 12.8z\" class=\"\"><\/path><\/svg><\/i> <img decoding=\"async\" width=\"16\" height=\"16\" alt=\"Loading\" src=\"https:\/\/radefeldersv.de\/wp-content\/plugins\/page-views-count\/ajax-loader-2x.gif\" border=0 \/><\/p><div class=\"pvc_clear\"><\/div>","protected":false},"excerpt":{"rendered":"<p>Wir starten wieder durch und er\u00f6ffnen ab sofort die Anmeldung f\u00fcrs Radefelder Feriencamp 2022 Euer Kind spielt gerne Fu\u00dfball und hat in den Ferien eine Woche Zeit &#8211; dann meldet euer Kind f\u00fcr das ultimative schwarz-gelbe Ferienerlebnis an. Einfach kurze Mail an &#8222;rsv-feriencamp@gmx.de&#8220; und los gehts. Die Details&#8230; Camp No. One Camp No. Two Lasst die Anmeldungen starten Euer RSV-Team<\/p>\n<div class=\"pvc_clear\"><\/div>\n<p id=\"pvc_stats_2319\" class=\"pvc_stats all  \" data-element-id=\"2319\" style=\"\"><i class=\"pvc-stats-icon small\" aria-hidden=\"true\"><svg aria-hidden=\"true\" focusable=\"false\" data-prefix=\"far\" data-icon=\"chart-bar\" role=\"img\" xmlns=\"http:\/\/www.w3.org\/2000\/svg\" viewBox=\"0 0 512 512\" class=\"svg-inline--fa fa-chart-bar fa-w-16 fa-2x\"><path fill=\"currentColor\" d=\"M396.8 352h22.4c6.4 0 12.8-6.4 12.8-12.8V108.8c0-6.4-6.4-12.8-12.8-12.8h-22.4c-6.4 0-12.8 6.4-12.8 12.8v230.4c0 6.4 6.4 12.8 12.8 12.8zm-192 0h22.4c6.4 0 12.8-6.4 12.8-12.8V140.8c0-6.4-6.4-12.8-12.8-12.8h-22.4c-6.4 0-12.8 6.4-12.8 12.8v198.4c0 6.4 6.4 12.8 12.8 12.8zm96 0h22.4c6.4 0 12.8-6.4 12.8-12.8V204.8c0-6.4-6.4-12.8-12.8-12.8h-22.4c-6.4 0-12.8 6.4-12.8 12.8v134.4c0 6.4 6.4 12.8 12.8 12.8zM496 400H48V80c0-8.84-7.16-16-16-16H16C7.16 64 0 71.16 0 80v336c0 17.67 14.33 32 32 32h464c8.84 0 16-7.16 16-16v-16c0-8.84-7.16-16-16-16zm-387.2-48h22.4c6.4 0 12.8-6.4 12.8-12.8v-70.4c0-6.4-6.4-12.8-12.8-12.8h-22.4c-6.4 0-12.8 6.4-12.8 12.8v70.4c0 6.4 6.4 12.8 12.8 12.8z\" class=\"\"><\/path><\/svg><\/i> <img decoding=\"async\" width=\"16\" height=\"16\" alt=\"Loading\" src=\"https:\/\/radefeldersv.de\/wp-content\/plugins\/page-views-count\/ajax-loader-2x.gif\" border=0 \/><\/p>\n<div class=\"pvc_clear\"><\/div>\n","protected":false},"author":3,"featured_media":2320,"comment_status":"closed","ping_status":"closed","sticky":false,"template":"","format":"standard","meta":{"_crdt_document":"","footnotes":""},"categories":[1],"tags":[],"class_list":["post-2319","post","type-post","status-publish","format-standard","has-post-thumbnail","hentry","category-uncategorized"],"a3_pvc":{"activated":true,"total_views":384,"today_views":0},"jetpack_featured_media_url":"https:\/\/radefeldersv.de\/wp-content\/uploads\/2022\/03\/Flyer-2022.jpg","_links":{"self":[{"href":"https:\/\/radefeldersv.de\/index.php?rest_route=\/wp\/v2\/posts\/2319","targetHints":{"allow":["GET"]}}],"collection":[{"href":"https:\/\/radefeldersv.de\/index.php?rest_route=\/wp\/v2\/posts"}],"about":[{"href":"https:\/\/radefeldersv.de\/index.php?rest_route=\/wp\/v2\/types\/post"}],"author":[{"embeddable":true,"href":"https:\/\/radefeldersv.de\/index.php?rest_route=\/wp\/v2\/users\/3"}],"replies":[{"embeddable":true,"href":"https:\/\/radefeldersv.de\/index.php?rest_route=%2Fwp%2Fv2%2Fcomments&post=2319"}],"version-history":[{"count":4,"href":"https:\/\/radefeldersv.de\/index.php?rest_route=\/wp\/v2\/posts\/2319\/revisions"}],"predecessor-version":[{"id":2326,"href":"https:\/\/radefeldersv.de\/index.php?rest_route=\/wp\/v2\/posts\/2319\/revisions\/2326"}],"wp:featuredmedia":[{"embeddable":true,"href":"https:\/\/radefeldersv.de\/index.php?rest_route=\/wp\/v2\/media\/2320"}],"wp:attachment":[{"href":"https:\/\/radefeldersv.de\/index.php?rest_route=%2Fwp%2Fv2%2Fmedia&parent=2319"}],"wp:term":[{"taxonomy":"category","embeddable":true,"href":"https:\/\/radefeldersv.de\/index.php?rest_route=%2Fwp%2Fv2%2Fcategories&post=2319"},{"taxonomy":"post_tag","embeddable":true,"href":"https:\/\/radefeldersv.de\/index.php?rest_route=%2Fwp%2Fv2%2Ftags&post=2319"}],"curies":[{"name":"wp","href":"https:\/\/api.w.org\/{rel}","templated":true}]}}