{"id":1494,"date":"2020-07-15T18:34:02","date_gmt":"2020-07-15T16:34:02","guid":{"rendered":"https:\/\/radefeldersv.de\/?p=1494"},"modified":"2020-07-15T18:34:03","modified_gmt":"2020-07-15T16:34:03","slug":"wahlbekanntgabe-der-abteilung-fussball","status":"publish","type":"post","link":"https:\/\/radefeldersv.de\/?p=1494","title":{"rendered":"Wahlbekanntgabe der Abteilung Fussball"},"content":{"rendered":"\n<p class=\"has-text-color has-text-align-center has-medium-font-size has-very-dark-gray-color wp-block-paragraph\">Nach dem R\u00fccktritt von Abteilungsleiter Jan Degenhardt, welcher auch die Funktion als Mannschaftsleiter unserer 1. Herrenmannschaft \u00fcbernahm, wollte der Fussballvorstand des Radefelder Sportverein 1990 e.V. gleich die Initiative ergreifen und neue Mitglieder in den Vorstand der Abteilung Fussball w\u00e4hlen. <\/p>\n\n\n\n<p class=\"has-text-color has-text-align-center has-medium-font-size has-very-dark-gray-color wp-block-paragraph\">Nach Bekanntgabe der zur Verf\u00fcgung stehenden Aufgaben und Bewerbern, hat der Fussballvorstand mit den beteiligten W\u00e4hlern am 13.07.2020 gegen 20:00 Uhr die neuen Positionen vergeben.<\/p>\n\n\n\n<p class=\"has-text-color has-text-align-center has-medium-font-size has-very-dark-gray-color wp-block-paragraph\">Somit wurde Maik B\u00f6hme-Kretzschmar als neuer Abteilungsleiter f\u00fcr die Abteilung Fussball gew\u00e4hlt. Aufgrund seiner Erfahrung im Bereich als Jugendkoordinator sowie der zielgerichteten Verbesserungen zum Wohle des Vereins, entschied sich der Fussballvorstand und die anwesenden W\u00e4hler einstimmig ihn als neuen Abteilungsleiter zu w\u00e4hlen.<\/p>\n\n\n\n<p class=\"has-text-color has-text-align-center has-medium-font-size has-very-dark-gray-color wp-block-paragraph\">Zur Unterst\u00fctzung und als gemeinsames Duo st\u00f6sst Uwe Stange als 2. Abteilungsleiter mit hinzu. Durch seine jahrelange fussballerische Erfahrung im Gro\u00df- u. Kleinfeldbereich und als Bindeglied zwischen dem Radefelder SV und einem Kooperationpartner , wurde Uwe Stange einstimmig zum 2. Abteilungsleiter gew\u00e4hlt.<\/p>\n\n\n\n<p class=\"has-text-color has-text-align-center has-medium-font-size has-very-dark-gray-color wp-block-paragraph\">Als potenzieller Nachfolger im Bereich Jugendf\u00f6rderung w\u00e4hlten alle beteiligten Personen Andr\u00e9 Wackernagel als neuen Jugendkoordinator in der Abteilung Fussball. Durch seine Kenntnisse im Umgang mit Kindern und Jugendlichen, des wichtigen Themas &#8222;Kinderschutz im Verein&#8220; sowie der Erfahrungen im Fussballbereich sahen alle anwesenden Wahlbeteiligten Andr\u00e9 Wackernagel als zuk\u00fcnftigen Jugendleiter beim Radefelder Sportverein 1990 e.V..<\/p>\n\n\n\n<p class=\"has-text-color has-text-align-center has-medium-font-size has-very-dark-gray-color wp-block-paragraph\">Als neuer Mannschaftsleiter im 1. Herrenbereich stellte sich Peter Schulz zur Wahl auf. Durch seinen hohen Bekanntheitsgrad in der 1. Herrenmannschaft sowie sein \u00fcber die Jahre erarbeitetes Vertrauen gegen\u00fcber den Spielern, beschloss der Fussballvorstand gemeinsam mit den Vertretern aus der Mannschaft Peter Schulz als neuen Mannschaftsleiter zu w\u00e4hlen.<\/p>\n\n\n\n<p class=\"has-text-color has-text-align-center has-medium-font-size has-very-dark-gray-color wp-block-paragraph\">Als alter Hase im Verein bleibt uns J\u00fcrgen Weber im Fussballvorstand erhalten. Durch seine Funktion als Platzverantwortlicher, Koordinator zwischen der 1. Herrenmannschaft und dem Vorstand, sowie seinem unermesslichen Einsatz in jeglicher Vereinsarbeit, haben alle Beteiligten einstimmig f\u00fcr den Erhalt von J\u00fcrgen Weber im Fussballvorstand gestimmt.<\/p>\n\n\n\n<p class=\"has-text-color has-text-align-center has-medium-font-size has-very-dark-gray-color wp-block-paragraph\">Somit steht der neue Vorstand in der Abteilung Fussball des Radefelder Sportverein 1990 e.V. fest.<\/p>\n\n\n\n<p class=\"has-text-color has-text-align-center has-medium-font-size has-very-dark-gray-color wp-block-paragraph\">Herzlichen Gl\u00fcckwunsch an die Neu- und Wiedergew\u00e4hlten und der Radefelder Sportverein 1990 e.V. w\u00fcnscht allen viel Erfolg und Schaffenskraft. Wir freuen uns auf die gemeinsamen Projekte mit euch.<\/p>\n\n\n\n<p class=\"has-text-color has-text-align-center has-large-font-size has-very-dark-gray-color wp-block-paragraph\"><strong>Wir sind Radefeld &#8211; Gemeinsam stark<\/strong><\/p>\n\n\n\n<p class=\"has-text-align-center wp-block-paragraph\">&#8211;<\/p>\n\n\n\n<div class=\"wp-block-image is-style-rounded\"><figure class=\"aligncenter size-large is-resized\"><img fetchpriority=\"high\" decoding=\"async\" src=\"https:\/\/radefeldersv.de\/wp-content\/uploads\/2020\/07\/IMG_1505-3-1-778x1024.jpg\" alt=\"\" class=\"wp-image-1504\" width=\"326\" height=\"429\" srcset=\"https:\/\/radefeldersv.de\/wp-content\/uploads\/2020\/07\/IMG_1505-3-1-778x1024.jpg 778w, https:\/\/radefeldersv.de\/wp-content\/uploads\/2020\/07\/IMG_1505-3-1-228x300.jpg 228w, https:\/\/radefeldersv.de\/wp-content\/uploads\/2020\/07\/IMG_1505-3-1-768x1011.jpg 768w, https:\/\/radefeldersv.de\/wp-content\/uploads\/2020\/07\/IMG_1505-3-1-1166x1536.jpg 1166w, https:\/\/radefeldersv.de\/wp-content\/uploads\/2020\/07\/IMG_1505-3-1-1555x2048.jpg 1555w, https:\/\/radefeldersv.de\/wp-content\/uploads\/2020\/07\/IMG_1505-3-1-520x685.jpg 520w, https:\/\/radefeldersv.de\/wp-content\/uploads\/2020\/07\/IMG_1505-3-1-740x975.jpg 740w, https:\/\/radefeldersv.de\/wp-content\/uploads\/2020\/07\/IMG_1505-3-1-scaled.jpg 1944w\" sizes=\"(max-width: 326px) 100vw, 326px\" \/><figcaption><strong>Maik B\u00f6hme-Kretzschmar<br>Abteilungsleiter<\/strong><\/figcaption><\/figure><\/div>\n\n\n\n<div class=\"wp-block-image is-style-rounded\"><figure class=\"aligncenter size-large is-resized\"><img decoding=\"async\" src=\"https:\/\/radefeldersv.de\/wp-content\/uploads\/2020\/07\/20200222_103820-3-1-580x1024.jpg\" alt=\"\" class=\"wp-image-1511\" width=\"312\" height=\"551\" srcset=\"https:\/\/radefeldersv.de\/wp-content\/uploads\/2020\/07\/20200222_103820-3-1-580x1024.jpg 580w, https:\/\/radefeldersv.de\/wp-content\/uploads\/2020\/07\/20200222_103820-3-1-170x300.jpg 170w, https:\/\/radefeldersv.de\/wp-content\/uploads\/2020\/07\/20200222_103820-3-1-768x1355.jpg 768w, https:\/\/radefeldersv.de\/wp-content\/uploads\/2020\/07\/20200222_103820-3-1-870x1536.jpg 870w, https:\/\/radefeldersv.de\/wp-content\/uploads\/2020\/07\/20200222_103820-3-1-1160x2048.jpg 1160w, https:\/\/radefeldersv.de\/wp-content\/uploads\/2020\/07\/20200222_103820-3-1-520x918.jpg 520w, https:\/\/radefeldersv.de\/wp-content\/uploads\/2020\/07\/20200222_103820-3-1-740x1306.jpg 740w, https:\/\/radefeldersv.de\/wp-content\/uploads\/2020\/07\/20200222_103820-3-1-scaled.jpg 1451w\" sizes=\"(max-width: 312px) 100vw, 312px\" \/><figcaption><strong>Uwe Stange<br>2. Abteilungsleiter<\/strong><\/figcaption><\/figure><\/div>\n\n\n\n<div class=\"wp-block-image is-style-rounded\"><figure class=\"aligncenter size-large is-resized\"><img decoding=\"async\" src=\"https:\/\/radefeldersv.de\/wp-content\/uploads\/2020\/07\/IMG_1503-2-714x1024.jpg\" alt=\"\" class=\"wp-image-1508\" width=\"332\" height=\"474\" \/><figcaption><strong>Peter Schulz<br>Mannchaftsleiter <br>1. Herrenmannschaft<\/strong><\/figcaption><\/figure><\/div>\n\n\n\n<div class=\"wp-block-image is-style-rounded\"><figure class=\"aligncenter size-large is-resized\"><img loading=\"lazy\" decoding=\"async\" src=\"https:\/\/radefeldersv.de\/wp-content\/uploads\/2020\/07\/IMG_1825-732x1024.jpg\" alt=\"\" class=\"wp-image-1501\" width=\"340\" height=\"475\" srcset=\"https:\/\/radefeldersv.de\/wp-content\/uploads\/2020\/07\/IMG_1825-732x1024.jpg 732w, https:\/\/radefeldersv.de\/wp-content\/uploads\/2020\/07\/IMG_1825-214x300.jpg 214w, https:\/\/radefeldersv.de\/wp-content\/uploads\/2020\/07\/IMG_1825-768x1075.jpg 768w, https:\/\/radefeldersv.de\/wp-content\/uploads\/2020\/07\/IMG_1825-1097x1536.jpg 1097w, https:\/\/radefeldersv.de\/wp-content\/uploads\/2020\/07\/IMG_1825-1463x2048.jpg 1463w, https:\/\/radefeldersv.de\/wp-content\/uploads\/2020\/07\/IMG_1825-520x728.jpg 520w, https:\/\/radefeldersv.de\/wp-content\/uploads\/2020\/07\/IMG_1825-740x1036.jpg 740w, https:\/\/radefeldersv.de\/wp-content\/uploads\/2020\/07\/IMG_1825-scaled.jpg 1829w\" sizes=\"(max-width: 340px) 100vw, 340px\" \/><figcaption><strong>Andr\u00e9 Wackernagel<br>Jugendleiter<\/strong><\/figcaption><\/figure><\/div>\n\n\n\n<div class=\"wp-block-image is-style-rounded\"><figure class=\"aligncenter size-large is-resized\"><img loading=\"lazy\" decoding=\"async\" src=\"https:\/\/radefeldersv.de\/wp-content\/uploads\/2020\/07\/IMG_1584-2-793x1024.jpg\" alt=\"\" class=\"wp-image-1506\" width=\"333\" height=\"428\" \/><figcaption><strong>J\u00fcrgen Weber<br>stellvertr. Vorsitzender<\/strong><\/figcaption><\/figure><\/div>\n\n\n\n<p class=\"wp-block-paragraph\"> <\/p>\n<div class=\"pvc_clear\"><\/div><p id=\"pvc_stats_1494\" class=\"pvc_stats all  \" data-element-id=\"1494\" style=\"\"><i class=\"pvc-stats-icon small\" aria-hidden=\"true\"><svg aria-hidden=\"true\" focusable=\"false\" data-prefix=\"far\" data-icon=\"chart-bar\" role=\"img\" xmlns=\"http:\/\/www.w3.org\/2000\/svg\" viewBox=\"0 0 512 512\" class=\"svg-inline--fa fa-chart-bar fa-w-16 fa-2x\"><path fill=\"currentColor\" d=\"M396.8 352h22.4c6.4 0 12.8-6.4 12.8-12.8V108.8c0-6.4-6.4-12.8-12.8-12.8h-22.4c-6.4 0-12.8 6.4-12.8 12.8v230.4c0 6.4 6.4 12.8 12.8 12.8zm-192 0h22.4c6.4 0 12.8-6.4 12.8-12.8V140.8c0-6.4-6.4-12.8-12.8-12.8h-22.4c-6.4 0-12.8 6.4-12.8 12.8v198.4c0 6.4 6.4 12.8 12.8 12.8zm96 0h22.4c6.4 0 12.8-6.4 12.8-12.8V204.8c0-6.4-6.4-12.8-12.8-12.8h-22.4c-6.4 0-12.8 6.4-12.8 12.8v134.4c0 6.4 6.4 12.8 12.8 12.8zM496 400H48V80c0-8.84-7.16-16-16-16H16C7.16 64 0 71.16 0 80v336c0 17.67 14.33 32 32 32h464c8.84 0 16-7.16 16-16v-16c0-8.84-7.16-16-16-16zm-387.2-48h22.4c6.4 0 12.8-6.4 12.8-12.8v-70.4c0-6.4-6.4-12.8-12.8-12.8h-22.4c-6.4 0-12.8 6.4-12.8 12.8v70.4c0 6.4 6.4 12.8 12.8 12.8z\" class=\"\"><\/path><\/svg><\/i> <img loading=\"lazy\" decoding=\"async\" width=\"16\" height=\"16\" alt=\"Loading\" src=\"https:\/\/radefeldersv.de\/wp-content\/plugins\/page-views-count\/ajax-loader-2x.gif\" border=0 \/><\/p><div class=\"pvc_clear\"><\/div>","protected":false},"excerpt":{"rendered":"<p>Nach dem R\u00fccktritt von Abteilungsleiter Jan Degenhardt, welcher auch die Funktion als Mannschaftsleiter unserer 1. Herrenmannschaft \u00fcbernahm, wollte der Fussballvorstand des Radefelder Sportverein 1990 e.V. gleich die Initiative ergreifen und neue Mitglieder in den Vorstand der Abteilung Fussball w\u00e4hlen. Nach Bekanntgabe der zur Verf\u00fcgung stehenden Aufgaben und Bewerbern, hat der Fussballvorstand mit den beteiligten W\u00e4hlern am 13.07.2020 gegen 20:00 Uhr die neuen Positionen vergeben. Somit wurde Maik B\u00f6hme-Kretzschmar als neuer Abteilungsleiter f\u00fcr die Abteilung Fussball gew\u00e4hlt. Aufgrund seiner Erfahrung im Bereich als Jugendkoordinator sowie der zielgerichteten Verbesserungen zum Wohle des Vereins, entschied sich der Fussballvorstand und die anwesenden W\u00e4hler einstimmig ihn als neuen Abteilungsleiter zu w\u00e4hlen. Zur Unterst\u00fctzung und als gemeinsames Duo st\u00f6sst Uwe Stange als 2. Abteilungsleiter mit hinzu. Durch seine jahrelange fussballerische Erfahrung im Gro\u00df- u. Kleinfeldbereich und als Bindeglied zwischen dem Radefelder SV und einem Kooperationpartner , wurde Uwe Stange einstimmig zum 2. Abteilungsleiter gew\u00e4hlt. Als potenzieller Nachfolger im Bereich Jugendf\u00f6rderung w\u00e4hlten alle beteiligten Personen Andr\u00e9 Wackernagel als neuen Jugendkoordinator in der Abteilung Fussball. Durch seine Kenntnisse im Umgang mit Kindern und Jugendlichen, des wichtigen Themas &#8222;Kinderschutz im Verein&#8220; sowie der Erfahrungen im Fussballbereich sahen alle anwesenden Wahlbeteiligten Andr\u00e9 Wackernagel als zuk\u00fcnftigen Jugendleiter beim Radefelder Sportverein 1990 e.V.. Als neuer Mannschaftsleiter im 1. Herrenbereich stellte sich Peter Schulz zur Wahl auf. Durch seinen hohen Bekanntheitsgrad in der 1. Herrenmannschaft sowie sein \u00fcber die Jahre erarbeitetes Vertrauen gegen\u00fcber den Spielern, beschloss der Fussballvorstand gemeinsam mit den Vertretern aus der Mannschaft Peter Schulz als neuen Mannschaftsleiter zu w\u00e4hlen. Als alter Hase im Verein bleibt uns J\u00fcrgen Weber im Fussballvorstand erhalten. Durch seine Funktion als Platzverantwortlicher, Koordinator zwischen der 1. Herrenmannschaft und dem Vorstand, sowie seinem unermesslichen Einsatz in jeglicher Vereinsarbeit, haben alle Beteiligten einstimmig f\u00fcr den Erhalt von J\u00fcrgen Weber im Fussballvorstand gestimmt. Somit steht der neue Vorstand in der Abteilung Fussball des Radefelder Sportverein 1990 e.V. fest. Herzlichen Gl\u00fcckwunsch an die Neu- und Wiedergew\u00e4hlten und der Radefelder Sportverein 1990 e.V. w\u00fcnscht allen viel Erfolg und Schaffenskraft. Wir freuen uns auf die gemeinsamen Projekte mit euch. Wir sind Radefeld &#8211; Gemeinsam stark &#8211;<\/p>\n<div class=\"pvc_clear\"><\/div>\n<p id=\"pvc_stats_1494\" class=\"pvc_stats all  \" data-element-id=\"1494\" style=\"\"><i class=\"pvc-stats-icon small\" aria-hidden=\"true\"><svg aria-hidden=\"true\" focusable=\"false\" data-prefix=\"far\" data-icon=\"chart-bar\" role=\"img\" xmlns=\"http:\/\/www.w3.org\/2000\/svg\" viewBox=\"0 0 512 512\" class=\"svg-inline--fa fa-chart-bar fa-w-16 fa-2x\"><path fill=\"currentColor\" d=\"M396.8 352h22.4c6.4 0 12.8-6.4 12.8-12.8V108.8c0-6.4-6.4-12.8-12.8-12.8h-22.4c-6.4 0-12.8 6.4-12.8 12.8v230.4c0 6.4 6.4 12.8 12.8 12.8zm-192 0h22.4c6.4 0 12.8-6.4 12.8-12.8V140.8c0-6.4-6.4-12.8-12.8-12.8h-22.4c-6.4 0-12.8 6.4-12.8 12.8v198.4c0 6.4 6.4 12.8 12.8 12.8zm96 0h22.4c6.4 0 12.8-6.4 12.8-12.8V204.8c0-6.4-6.4-12.8-12.8-12.8h-22.4c-6.4 0-12.8 6.4-12.8 12.8v134.4c0 6.4 6.4 12.8 12.8 12.8zM496 400H48V80c0-8.84-7.16-16-16-16H16C7.16 64 0 71.16 0 80v336c0 17.67 14.33 32 32 32h464c8.84 0 16-7.16 16-16v-16c0-8.84-7.16-16-16-16zm-387.2-48h22.4c6.4 0 12.8-6.4 12.8-12.8v-70.4c0-6.4-6.4-12.8-12.8-12.8h-22.4c-6.4 0-12.8 6.4-12.8 12.8v70.4c0 6.4 6.4 12.8 12.8 12.8z\" class=\"\"><\/path><\/svg><\/i> <img loading=\"lazy\" decoding=\"async\" width=\"16\" height=\"16\" alt=\"Loading\" src=\"https:\/\/radefeldersv.de\/wp-content\/plugins\/page-views-count\/ajax-loader-2x.gif\" border=0 \/><\/p>\n<div class=\"pvc_clear\"><\/div>\n","protected":false},"author":3,"featured_media":1495,"comment_status":"closed","ping_status":"closed","sticky":false,"template":"","format":"standard","meta":{"_crdt_document":"","footnotes":""},"categories":[1],"tags":[],"class_list":["post-1494","post","type-post","status-publish","format-standard","has-post-thumbnail","hentry","category-uncategorized"],"a3_pvc":{"activated":true,"total_views":1216,"today_views":0},"jetpack_featured_media_url":"https:\/\/radefeldersv.de\/wp-content\/uploads\/2020\/07\/Wahl.jpg","_links":{"self":[{"href":"https:\/\/radefeldersv.de\/index.php?rest_route=\/wp\/v2\/posts\/1494","targetHints":{"allow":["GET"]}}],"collection":[{"href":"https:\/\/radefeldersv.de\/index.php?rest_route=\/wp\/v2\/posts"}],"about":[{"href":"https:\/\/radefeldersv.de\/index.php?rest_route=\/wp\/v2\/types\/post"}],"author":[{"embeddable":true,"href":"https:\/\/radefeldersv.de\/index.php?rest_route=\/wp\/v2\/users\/3"}],"replies":[{"embeddable":true,"href":"https:\/\/radefeldersv.de\/index.php?rest_route=%2Fwp%2Fv2%2Fcomments&post=1494"}],"version-history":[{"count":10,"href":"https:\/\/radefeldersv.de\/index.php?rest_route=\/wp\/v2\/posts\/1494\/revisions"}],"predecessor-version":[{"id":1514,"href":"https:\/\/radefeldersv.de\/index.php?rest_route=\/wp\/v2\/posts\/1494\/revisions\/1514"}],"wp:featuredmedia":[{"embeddable":true,"href":"https:\/\/radefeldersv.de\/index.php?rest_route=\/wp\/v2\/media\/1495"}],"wp:attachment":[{"href":"https:\/\/radefeldersv.de\/index.php?rest_route=%2Fwp%2Fv2%2Fmedia&parent=1494"}],"wp:term":[{"taxonomy":"category","embeddable":true,"href":"https:\/\/radefeldersv.de\/index.php?rest_route=%2Fwp%2Fv2%2Fcategories&post=1494"},{"taxonomy":"post_tag","embeddable":true,"href":"https:\/\/radefeldersv.de\/index.php?rest_route=%2Fwp%2Fv2%2Ftags&post=1494"}],"curies":[{"name":"wp","href":"https:\/\/api.w.org\/{rel}","templated":true}]}}